{"id":4101,"date":"2026-03-17T16:46:02","date_gmt":"2026-03-17T16:46:02","guid":{"rendered":"https:\/\/curatedoptics.com\/?p=4101"},"modified":"2026-03-17T16:47:18","modified_gmt":"2026-03-17T16:47:18","slug":"o-capital-da-moda-esta-a-reconectar-a-industria-independente-de-oculos","status":"publish","type":"post","link":"https:\/\/curatedoptics.com\/pt\/fashion-capital-is-rewiring-the-independent-eyewear-industry\/","title":{"rendered":"A Capital da Moda est\u00e1 a reconfigurar a ind\u00fastria independente de \u00f3culos"},"content":{"rendered":"<p>Nos \u00faltimos cinco anos, tem-se verificado uma mudan\u00e7a silenciosa mas significativa na ind\u00fastria dos \u00f3culos. Embora a moda e a \u00f3tica sempre se tenham cruzado atrav\u00e9s de acordos de licenciamento e colabora\u00e7\u00f5es, surgiu um novo padr\u00e3o: o capital e os investidores da moda est\u00e3o a entrar cada vez mais no sector \u00f3tico, n\u00e3o apenas atrav\u00e9s de parcerias, mas construindo inteiramente <strong>novas marcas independentes.<\/strong> Um mercado que pode parecer pequeno e dif\u00edcil de avaliar \u00e0 primeira vista, devido \u00e0 sua fragmenta\u00e7\u00e3o, est\u00e1 a come\u00e7ar a criar algumas das marcas mais poderosas de amanh\u00e3.<\/p>\n\n\n\n<p>Se essa converg\u00eancia se acelerar, o sector dos \u00f3culos que conhecemos atualmente poder\u00e1 ser muito diferente nos pr\u00f3ximos cinco a dez anos. Campanhas recentes de marcas como&nbsp;<strong>Akoni<\/strong>&nbsp;j\u00e1 d\u00e1 pistas sobre esse futuro. A sua mais recente dire\u00e7\u00e3o visual sugere um mundo onde os \u00f3culos se situam na intersec\u00e7\u00e3o entre o design de luxo, a sofistica\u00e7\u00e3o tecnol\u00f3gica e a relev\u00e2ncia cultural.<\/p>\n\n\n\n<p>Por outras palavras, os \u00f3culos deixaram de ser um simples acess\u00f3rio.<\/p>\n\n\n\n<figure class=\"wp-block-image alignwide size-large\"><img loading=\"lazy\" decoding=\"async\" width=\"819\" height=\"1024\" src=\"https:\/\/curatedoptics.com\/wp-content\/uploads\/2026\/03\/Akoni-Project-819x1024.jpg\" alt=\"\" class=\"wp-image-4110\" srcset=\"https:\/\/curatedoptics.com\/wp-content\/uploads\/2026\/03\/Akoni-Project-819x1024.jpg 819w, https:\/\/curatedoptics.com\/wp-content\/uploads\/2026\/03\/Akoni-Project-240x300.jpg 240w, https:\/\/curatedoptics.com\/wp-content\/uploads\/2026\/03\/Akoni-Project-768x960.jpg 768w, https:\/\/curatedoptics.com\/wp-content\/uploads\/2026\/03\/Akoni-Project-10x12.jpg 10w, https:\/\/curatedoptics.com\/wp-content\/uploads\/2026\/03\/Akoni-Project-400x500.jpg 400w, https:\/\/curatedoptics.com\/wp-content\/uploads\/2026\/03\/Akoni-Project-800x1000.jpg 800w, https:\/\/curatedoptics.com\/wp-content\/uploads\/2026\/03\/Akoni-Project-832x1040.jpg 832w, https:\/\/curatedoptics.com\/wp-content\/uploads\/2026\/03\/Akoni-Project.jpg 1080w\" sizes=\"auto, (max-width: 819px) 100vw, 819px\" \/><\/figure>\n\n\n\n<h2 class=\"wp-block-heading\"><strong>Do patrim\u00f3nio \u00f3tico ao investimento orientado para a moda<\/strong><\/h2>\n\n\n\n<p>Historicamente, as marcas de \u00f3culos cresceram a partir do pr\u00f3prio ecossistema \u00f3tico, com os fabricantes, distribuidores e especialistas \u00f3pticos a expandirem-se para marcas orientadas para o design. Mas a recente vaga parece diferente. Investidores e empres\u00e1rios com experi\u00eancia em moda est\u00e3o agora a financiar projectos liderados por pessoas profundamente enraizadas na ind\u00fastria \u00f3tica.<\/p>\n\n\n\n<p>O resultado \u00e9 o nascimento de uma nova gera\u00e7\u00e3o de empresas de \u00f3culos que combinam a sensibilidade da moda com a per\u00edcia \u00f3tica. <\/p>\n\n\n\n<h2 class=\"wp-block-heading\"><br><strong>Para al\u00e9m das colabora\u00e7\u00f5es: A ascens\u00e3o das marcas independentes<\/strong><\/h2>\n\n\n\n<p>Algumas colabora\u00e7\u00f5es entre a moda e o sector dos \u00f3culos j\u00e1 chamaram a aten\u00e7\u00e3o. Parcerias como&nbsp;<strong>A linha com <\/strong><a href=\"https:\/\/curatedoptics.com\/pt\/eyevan-como-um-pioneiro-japones-dos-oculos-transformou-os-oculos-num-objeto-de-moda-mundial\/\"><strong>Eyevan<\/strong>&nbsp;<\/a>ou&nbsp;<strong><a href=\"https:\/\/curatedoptics.com\/pt\/yuichi-toyama-o-arquiteto-silencioso-dos-oculos-japoneses-modernos\/\">Yuichi Toyama<\/a> com Armani<\/strong>&nbsp;demonstram como as casas de moda valorizam cada vez mais o trabalho artesanal e a credibilidade dos operadores \u00f3pticos estabelecidos.<\/p>\n\n\n\n<p>No entanto, para al\u00e9m das colabora\u00e7\u00f5es, est\u00e3o a ser formadas marcas inteiramente novas atrav\u00e9s desta din\u00e2mica interprofissional.<\/p>\n\n\n\n<p>Projectos como&nbsp;<strong><a href=\"https:\/\/curatedoptics.com\/pt\/por-dentro-da-akoni-a-criacao-dos-novos-codigos-dos-oculos-de-luxo-modernos\/\">Akoni<\/a><\/strong>&nbsp;e&nbsp;<strong><a href=\"https:\/\/curatedoptics.com\/pt\/os-outros-oculos-que-criam-um-novo-padrao-em-oculos\/\">Os outros \u00f3culos<\/a><\/strong>&nbsp;ilustram a mudan\u00e7a: investidores provenientes de ecossistemas de moda apoiam fundadores com fortes antecedentes no sector da \u00f3tica. Ao mesmo tempo, o capital de risco orientado para a moda tamb\u00e9m est\u00e1 a fluir para as marcas de \u00f3culos existentes. A empresa de investimento&nbsp;<strong>F\u00e9lix Capital<\/strong>, conhecida pelo seu envolvimento em marcas de moda e de consumo, investiu em&nbsp;<strong><a href=\"https:\/\/curatedoptics.com\/pt\/como-jacques-marie-mage-reescreveu-as-regras-dos-oculos-independentes\/\">Jacques Marie Mage<\/a><\/strong>, refor\u00e7ando a ideia de que os \u00f3culos j\u00e1 n\u00e3o s\u00e3o vistos como uma categoria de acess\u00f3rios de nicho<strong> mas como um segmento estrat\u00e9gico de luxo.<\/strong><\/p>\n\n\n\n<figure class=\"wp-block-image alignwide size-large\"><img loading=\"lazy\" decoding=\"async\" width=\"819\" height=\"1024\" src=\"https:\/\/curatedoptics.com\/wp-content\/uploads\/2026\/03\/Frame-Akoni-2-819x1024.jpg\" alt=\"\" class=\"wp-image-4111\" srcset=\"https:\/\/curatedoptics.com\/wp-content\/uploads\/2026\/03\/Frame-Akoni-2-819x1024.jpg 819w, https:\/\/curatedoptics.com\/wp-content\/uploads\/2026\/03\/Frame-Akoni-2-240x300.jpg 240w, https:\/\/curatedoptics.com\/wp-content\/uploads\/2026\/03\/Frame-Akoni-2-768x960.jpg 768w, https:\/\/curatedoptics.com\/wp-content\/uploads\/2026\/03\/Frame-Akoni-2-10x12.jpg 10w, https:\/\/curatedoptics.com\/wp-content\/uploads\/2026\/03\/Frame-Akoni-2-400x500.jpg 400w, https:\/\/curatedoptics.com\/wp-content\/uploads\/2026\/03\/Frame-Akoni-2-800x1000.jpg 800w, https:\/\/curatedoptics.com\/wp-content\/uploads\/2026\/03\/Frame-Akoni-2-832x1040.jpg 832w, https:\/\/curatedoptics.com\/wp-content\/uploads\/2026\/03\/Frame-Akoni-2.jpg 1080w\" sizes=\"auto, (max-width: 819px) 100vw, 819px\" \/><\/figure>\n\n\n\n<h2 class=\"wp-block-heading\"><br><strong>Um mercado liberalizado impulsionado pela criatividade<\/strong><\/h2>\n\n\n\n<p>Este afluxo de capital da moda est\u00e1 a liberalizar gradualmente um mercado h\u00e1 muito dominado por estruturas antigas e redes de distribui\u00e7\u00e3o enraizadas. Em vez de depender de pol\u00edticas sectoriais de bastidores, a nova vaga de marcas compete atrav\u00e9s de&nbsp;<strong>design, qualidade dos produtos, narra\u00e7\u00e3o de hist\u00f3rias, marketing e inova\u00e7\u00e3o<\/strong>.<\/p>\n\n\n\n<p>Para os consumidores, isso significa um cen\u00e1rio de \u00f3culos mais din\u00e2mico e criativo. Para a ind\u00fastria, representa uma mudan\u00e7a para padr\u00f5es mais elevados em termos de marca, comunica\u00e7\u00e3o e desenvolvimento de produtos.<\/p>\n\n\n\n<h2 class=\"wp-block-heading\"><br><strong>O fator tecnol\u00f3gico: Os \u00f3culos como a pr\u00f3xima interface<\/strong><\/h2>\n\n\n\n<p>Uma outra for\u00e7a est\u00e1 a come\u00e7ar a influenciar esta evolu\u00e7\u00e3o: a tecnologia.<\/p>\n\n\n\n<p>Tanto a ind\u00fastria da moda como a dos \u00f3culos est\u00e3o a atrair a aten\u00e7\u00e3o dos principais intervenientes tecnol\u00f3gicos. As figuras de Silicon Valley s\u00e3o cada vez mais vis\u00edveis na pr\u00f3pria cultura da moda.&nbsp;<strong>Mark Zuckerberg<\/strong>, outrora sin\u00f3nimo da t-shirt cinzenta minimalista, aparece agora em eventos como a&nbsp;<strong>Prada<\/strong>&nbsp;desfiles de moda. Entretanto&nbsp;<strong>Jeff Bezos<\/strong>&nbsp;tamb\u00e9m entrou na conversa sobre moda atrav\u00e9s de investimentos e presen\u00e7a cultural.<\/p>\n\n\n\n<p>A implica\u00e7\u00e3o \u00e9 clara: na pr\u00f3xima d\u00e9cada, \u00e9 prov\u00e1vel que se assista a uma maior converg\u00eancia entre&nbsp;<strong>moda, tecnologia e \u00f3culos<\/strong>.<\/p>\n\n\n\n<figure class=\"wp-block-image alignwide size-large\"><img loading=\"lazy\" decoding=\"async\" width=\"819\" height=\"1024\" src=\"https:\/\/curatedoptics.com\/wp-content\/uploads\/2026\/03\/Akoni-New-Box-819x1024.jpg\" alt=\"\" class=\"wp-image-4112\" srcset=\"https:\/\/curatedoptics.com\/wp-content\/uploads\/2026\/03\/Akoni-New-Box-819x1024.jpg 819w, https:\/\/curatedoptics.com\/wp-content\/uploads\/2026\/03\/Akoni-New-Box-240x300.jpg 240w, https:\/\/curatedoptics.com\/wp-content\/uploads\/2026\/03\/Akoni-New-Box-768x960.jpg 768w, https:\/\/curatedoptics.com\/wp-content\/uploads\/2026\/03\/Akoni-New-Box-10x12.jpg 10w, https:\/\/curatedoptics.com\/wp-content\/uploads\/2026\/03\/Akoni-New-Box-400x500.jpg 400w, https:\/\/curatedoptics.com\/wp-content\/uploads\/2026\/03\/Akoni-New-Box-800x1000.jpg 800w, https:\/\/curatedoptics.com\/wp-content\/uploads\/2026\/03\/Akoni-New-Box-832x1040.jpg 832w, https:\/\/curatedoptics.com\/wp-content\/uploads\/2026\/03\/Akoni-New-Box.jpg 1080w\" sizes=\"auto, (max-width: 819px) 100vw, 819px\" \/><\/figure>\n\n\n\n<h2 class=\"wp-block-heading\"><strong>\u00d3culos inteligentes e investimentos estrat\u00e9gicos<\/strong><\/h2>\n\n\n\n<p>A categoria dos \u00f3culos \u00e9 cada vez mais vista como a interface mais natural para a tecnologia wearable, e os principais intervenientes est\u00e3o a posicionar-se em conformidade. Ano passado,&nbsp;<strong>A Google ter\u00e1 investido $100 milh\u00f5es em <a href=\"https:\/\/curatedoptics.com\/pt\/o-outsider-que-venceu-a-industria-dos-oculos\/\">Monstro Gentil<\/a><\/strong>, A empresa de tecnologia, a Apple, anunciou a sua inten\u00e7\u00e3o de lan\u00e7ar um novo produto, um passo amplamente interpretado como um passo estrat\u00e9gico para acelerar o desenvolvimento de \u00f3culos inteligentes com forte credibilidade na moda. A l\u00f3gica \u00e9 clara: as empresas de tecnologia compreendem que, sem design, cultura e desejo, os dispositivos port\u00e1teis raramente s\u00e3o adoptados em massa.<\/p>\n\n\n\n<p>Ao mesmo tempo, as pequenas empresas em fase de arranque, como&nbsp;<strong><a href=\"https:\/\/www.sesame.com\" target=\"_blank\" rel=\"noopener\">S\u00e9samo<\/a><\/strong>&nbsp;(investimento de $200 milh\u00f5es da Sequoia Capital) est\u00e3o a tentar compreender melhor o mercado, contratando pessoas de empresas como&nbsp;<strong>Dita<\/strong>&nbsp;e&nbsp;<strong>Akoni<\/strong>, A Comiss\u00e3o Europeia, atrav\u00e9s do seu Comit\u00e9 de \u00c9tica, est\u00e1 a tentar navegar num sector que continua a ser complexo e muitas vezes enganador. Resta saber se ser\u00e3o bem sucedidos.<\/p>\n\n\n\n<p>Os materiais inteligentes, a realidade aumentada, as interfaces vest\u00edveis e o fabrico avan\u00e7ado poder\u00e3o remodelar a forma como os \u00f3culos s\u00e3o concebidos, produzidos e experimentados. Os \u00f3culos, que j\u00e1 s\u00e3o um dos objectos mais \u00edntimos que as pessoas usam, est\u00e3o numa posi\u00e7\u00e3o \u00fanica para se tornarem uma plataforma central onde o estilo, a tecnologia e a identidade pessoal se encontram.<\/p>\n\n\n\n<p>Est\u00e1 a tornar-se uma fronteira onde a moda, a \u00f3tica e a tecnologia come\u00e7am a fundir-se e a pr\u00f3xima gera\u00e7\u00e3o de marcas est\u00e1 a ser constru\u00edda precisamente para esse momento.<\/p>\n\n\n\n<figure class=\"wp-block-image alignwide size-large\"><img loading=\"lazy\" decoding=\"async\" width=\"819\" height=\"1024\" src=\"https:\/\/curatedoptics.com\/wp-content\/uploads\/2026\/03\/Akoni-New-Article-819x1024.jpg\" alt=\"\" class=\"wp-image-4114\" srcset=\"https:\/\/curatedoptics.com\/wp-content\/uploads\/2026\/03\/Akoni-New-Article-819x1024.jpg 819w, https:\/\/curatedoptics.com\/wp-content\/uploads\/2026\/03\/Akoni-New-Article-240x300.jpg 240w, https:\/\/curatedoptics.com\/wp-content\/uploads\/2026\/03\/Akoni-New-Article-768x960.jpg 768w, https:\/\/curatedoptics.com\/wp-content\/uploads\/2026\/03\/Akoni-New-Article-10x12.jpg 10w, https:\/\/curatedoptics.com\/wp-content\/uploads\/2026\/03\/Akoni-New-Article-400x500.jpg 400w, https:\/\/curatedoptics.com\/wp-content\/uploads\/2026\/03\/Akoni-New-Article-800x1000.jpg 800w, https:\/\/curatedoptics.com\/wp-content\/uploads\/2026\/03\/Akoni-New-Article-832x1040.jpg 832w, https:\/\/curatedoptics.com\/wp-content\/uploads\/2026\/03\/Akoni-New-Article.jpg 1080w\" sizes=\"auto, (max-width: 819px) 100vw, 819px\" \/><\/figure>\n\n\n\n<h2 class=\"wp-block-heading\"><br><strong>Uma nova estrat\u00e9gia de entrada no mercado: Remover os intermedi\u00e1rios<\/strong><\/h2>\n\n\n\n<p>Ao mesmo tempo, estas novas marcas introduziram uma abordagem mais inovadora. Em muitos territ\u00f3rios, eliminaram os intermedi\u00e1rios e, em vez disso, contrataram&nbsp;<strong>embaixadores internos da marca<\/strong>&nbsp;para representar a marca mais diretamente no terreno.<\/p>\n\n\n\n<h2 class=\"wp-block-heading\"><br><strong>Construir marcas, n\u00e3o apenas vender molduras<\/strong><\/h2>\n\n\n\n<p>De acordo com&nbsp;<strong>Diretor-Geral e Diretor Comercial Rosario Toscano<\/strong>, Os embaixadores internos est\u00e3o em melhor posi\u00e7\u00e3o para traduzir e comunicar a marca de forma aut\u00eantica em cada mercado:<\/p>\n\n\n\n<p>\u201c<em>Na Akoni, acreditamos que as vendas n\u00e3o s\u00e3o mais apenas a coloca\u00e7\u00e3o de produtos, mas a constru\u00e7\u00e3o da marca. Essa cren\u00e7a molda a forma como estruturamos as nossas equipas, como trabalhamos com os nossos parceiros e como envolvemos o cliente final.<\/em><\/p>\n\n\n\n<p><em>Os nossos agentes de vendas internos desempenham um papel duplo. Para al\u00e9m do desempenho comercial, est\u00e3o profundamente envolvidos no desenvolvimento e na exposi\u00e7\u00e3o da marca, trabalhando em conjunto com a nossa equipa de marketing. Esta forte parceria interna permite-nos assegurar que cada ativa\u00e7\u00e3o de mercado est\u00e1 alinhada com a vis\u00e3o global da Akoni, mantendo-se relevante a n\u00edvel local.<\/em><\/p>\n\n\n\n<p><em>No terreno, as nossas equipas de vendas apoiam ativamente as montras, as montagens nas lojas e uma vasta gama de eventos nos mercados globais. Estas activa\u00e7\u00f5es n\u00e3o s\u00e3o apenas exerc\u00edcios de merchandising visual, s\u00e3o momentos de contar hist\u00f3rias. Cada vitrine, cada instala\u00e7\u00e3o e cada evento \u00e9 uma oportunidade de comunicar quem somos, o que defendemos e por que a Akoni existe.<\/em><\/p>\n\n\n\n<p><em>Uma parte crucial desta estrat\u00e9gia \u00e9 a educa\u00e7\u00e3o. Acreditamos firmemente que os \u00f3pticos devem ter a capacidade de vender a hist\u00f3ria, n\u00e3o apenas a arma\u00e7\u00e3o. Um produto com um design bonito \u00e9 apenas uma parte da equa\u00e7\u00e3o. Quando os \u00f3pticos compreendem verdadeiramente o ADN da marca, o seu trabalho artesanal, os seus valores e o seu objetivo, podem traduzir essa narrativa de forma aut\u00eantica para o consumidor.<\/em><\/p>\n\n\n\n<p><em>Esta abordagem altera fundamentalmente a experi\u00eancia de retalho. Em vez de uma venda transacional, criamos uma intera\u00e7\u00e3o significativa.&nbsp;<\/em><\/p>\n\n\n\n<p><em>O oculista torna-se um embaixador da marca e o cliente torna-se parte da hist\u00f3ria. \u00c9 assim que contribu\u00edmos para uma experi\u00eancia mais rica e memor\u00e1vel para o cliente final.<\/em><\/p>\n\n\n\n<p><em>Em \u00faltima an\u00e1lise, a identidade da marca deve ser sentida em todos os pontos de contacto, desde a primeira impress\u00e3o visual na montra at\u00e9 \u00e0 conversa no balc\u00e3o e ao momento em que a arma\u00e7\u00e3o \u00e9 usada. Na Akoni, nossa miss\u00e3o \u00e9 garantir que esses momentos sejam consistentes, intencionais e emocionalmente envolventes.<\/em><\/p>\n\n\n\n<p><em>Num mercado competitivo, os produtos podem ser reproduzidos. As hist\u00f3rias, os valores e a identidade n\u00e3o podem. \u00c9 por isso que nos concentramos na constru\u00e7\u00e3o de marcas e n\u00e3o apenas na venda de arma\u00e7\u00f5es.<\/em>\u201c<\/p>\n\n\n\n<figure class=\"wp-block-image alignwide size-large\"><img loading=\"lazy\" decoding=\"async\" width=\"819\" height=\"1024\" src=\"https:\/\/curatedoptics.com\/wp-content\/uploads\/2026\/03\/3Akoni-Article-819x1024.jpg\" alt=\"\" class=\"wp-image-4115\" srcset=\"https:\/\/curatedoptics.com\/wp-content\/uploads\/2026\/03\/3Akoni-Article-819x1024.jpg 819w, https:\/\/curatedoptics.com\/wp-content\/uploads\/2026\/03\/3Akoni-Article-240x300.jpg 240w, https:\/\/curatedoptics.com\/wp-content\/uploads\/2026\/03\/3Akoni-Article-768x960.jpg 768w, https:\/\/curatedoptics.com\/wp-content\/uploads\/2026\/03\/3Akoni-Article-10x12.jpg 10w, https:\/\/curatedoptics.com\/wp-content\/uploads\/2026\/03\/3Akoni-Article-400x500.jpg 400w, https:\/\/curatedoptics.com\/wp-content\/uploads\/2026\/03\/3Akoni-Article-800x1000.jpg 800w, https:\/\/curatedoptics.com\/wp-content\/uploads\/2026\/03\/3Akoni-Article-832x1040.jpg 832w, https:\/\/curatedoptics.com\/wp-content\/uploads\/2026\/03\/3Akoni-Article.jpg 1080w\" sizes=\"auto, (max-width: 819px) 100vw, 819px\" \/><\/figure>\n\n\n\n<h2 class=\"wp-block-heading\"><br><strong>Da transa\u00e7\u00e3o \u00e0 experi\u00eancia<\/strong><\/h2>\n\n\n\n<p>\u00c0 medida que a ind\u00fastria evolui, o papel do oculista tamb\u00e9m est\u00e1 a ser redefinido. J\u00e1 n\u00e3o se limitando ao retalho transacional, o espa\u00e7o \u00f3tico est\u00e1 a tornar-se cada vez mais um ambiente de narra\u00e7\u00e3o de hist\u00f3rias e de imers\u00e3o na marca.<\/p>\n\n\n\n<p>Esta mudan\u00e7a reflecte uma transforma\u00e7\u00e3o mais ampla das expectativas dos consumidores. O cliente de hoje n\u00e3o est\u00e1 simplesmente a comprar uma moldura, est\u00e1 a comprar uma narrativa, um conjunto de valores e uma identidade cuidadosamente constru\u00edda. Neste contexto, o produto, por si s\u00f3, j\u00e1 n\u00e3o \u00e9 suficiente. A experi\u00eancia, a educa\u00e7\u00e3o e a liga\u00e7\u00e3o emocional est\u00e3o a tornar-se centrais para a venda.<\/p>\n\n\n\n<p>Marcas como a Akoni est\u00e3o na vanguarda desta transi\u00e7\u00e3o, reimaginando a forma como os \u00f3culos s\u00e3o apresentados e compreendidos ao n\u00edvel do retalho. Atrav\u00e9s de uma combina\u00e7\u00e3o de embaixadores internos da marca, de activa\u00e7\u00f5es curadas na loja e de uma forte \u00eanfase na narra\u00e7\u00e3o de hist\u00f3rias, o oculista torna-se uma extens\u00e3o da pr\u00f3pria marca, traduzindo o seu ADN diretamente para o consumidor final.<\/p>\n\n\n\n<h2 class=\"wp-block-heading\"><strong>A precis\u00e3o como narrativa: A edi\u00e7\u00e3o de anivers\u00e1rio de Eris<\/strong><\/h2>\n\n\n\n<p>Para assinalar o seu quinto anivers\u00e1rio, a Akoni apresenta uma interpreta\u00e7\u00e3o de edi\u00e7\u00e3o limitada de dois dos seus designs mais distintivos -&nbsp;<strong>Eris e Eris-Dois<\/strong>&nbsp;- concebidos como express\u00f5es complementares de uma filosofia de design singular baseada na precis\u00e3o, inova\u00e7\u00e3o e est\u00e9tica disciplinada.<\/p>\n\n\n\n<p>Fabricados em tit\u00e2nio japon\u00eas leve e combinados com lentes Mars especialmente desenvolvidas, os modelos aniversariantes representam um equil\u00edbrio entre desempenho t\u00e9cnico e design refinado. A clareza estrutural do Eris e a geometria mais compacta do Eris-Two reflectem a abordagem arquitet\u00f3nica da Akoni aos \u00f3culos, em que a propor\u00e7\u00e3o, o detalhe e a precis\u00e3o da engenharia definem a forma final.<\/p>\n\n\n\n<p>Produzidas em quantidades estritamente limitadas e numeradas individualmente, cada pe\u00e7a refor\u00e7a o compromisso da marca com o artesanato e o valor a longo prazo. Dos componentes de tit\u00e2nio finamente fresados \u00e0s lentes cuidadosamente calibradas, a cole\u00e7\u00e3o ilustra um di\u00e1logo cont\u00ednuo entre inova\u00e7\u00e3o e tradi\u00e7\u00e3o.<\/p>\n\n\n\n<p>Apresentado numa caixa de cole\u00e7\u00e3o dedicada, inspirada na alta relojoaria, o lan\u00e7amento posiciona ainda mais os \u00f3culos n\u00e3o s\u00f3 como um objeto funcional, mas tamb\u00e9m como um objeto colecion\u00e1vel que se situa na intersec\u00e7\u00e3o do design, da engenharia e da relev\u00e2ncia cultural.<\/p>\n\n\n\n<p>Dispon\u00edvel a partir de mar\u00e7o em \u00f3pticas selecionadas, retalhistas de moda e nos canais diretos da Akoni, a edi\u00e7\u00e3o de anivers\u00e1rio sintetiza uma mudan\u00e7a mais ampla na ind\u00fastria: do produto \u00e0 experi\u00eancia, do objeto \u00e0 hist\u00f3ria.<\/p>\n\n\n\n<figure class=\"wp-block-image alignwide size-large\"><img loading=\"lazy\" decoding=\"async\" width=\"819\" height=\"1024\" src=\"https:\/\/curatedoptics.com\/wp-content\/uploads\/2026\/03\/Akoni-Eyewear-11-819x1024.jpg\" alt=\"\" class=\"wp-image-4116\" srcset=\"https:\/\/curatedoptics.com\/wp-content\/uploads\/2026\/03\/Akoni-Eyewear-11-819x1024.jpg 819w, https:\/\/curatedoptics.com\/wp-content\/uploads\/2026\/03\/Akoni-Eyewear-11-240x300.jpg 240w, https:\/\/curatedoptics.com\/wp-content\/uploads\/2026\/03\/Akoni-Eyewear-11-768x960.jpg 768w, https:\/\/curatedoptics.com\/wp-content\/uploads\/2026\/03\/Akoni-Eyewear-11-10x12.jpg 10w, https:\/\/curatedoptics.com\/wp-content\/uploads\/2026\/03\/Akoni-Eyewear-11-400x500.jpg 400w, https:\/\/curatedoptics.com\/wp-content\/uploads\/2026\/03\/Akoni-Eyewear-11-800x1000.jpg 800w, https:\/\/curatedoptics.com\/wp-content\/uploads\/2026\/03\/Akoni-Eyewear-11-832x1040.jpg 832w, https:\/\/curatedoptics.com\/wp-content\/uploads\/2026\/03\/Akoni-Eyewear-11.jpg 1080w\" sizes=\"auto, (max-width: 819px) 100vw, 819px\" \/><\/figure>\n\n\n\n<h2 class=\"wp-block-heading\"><strong>Conclus\u00e3o: Um sector em acelera\u00e7\u00e3o<\/strong><\/h2>\n\n\n\n<p>A ind\u00fastria dos \u00f3culos est\u00e1 a entrar numa fase de transforma\u00e7\u00e3o acelerada. O que antes era um mercado relativamente est\u00e1vel e insular est\u00e1 agora a ser pressionado a evoluir, visual, est\u00e9tica e tecnologicamente, pela converg\u00eancia da moda, da \u00f3tica e da inova\u00e7\u00e3o.<\/p>\n\n\n\n<p>Os padr\u00f5es de design est\u00e3o a aumentar, o storytelling est\u00e1 a tornar-se mais sofisticado e o desenvolvimento de produtos \u00e9 cada vez mais orientado tanto pela precis\u00e3o da engenharia como pela relev\u00e2ncia cultural. Ao mesmo tempo, est\u00e3o a surgir novos modelos de neg\u00f3cio, que desafiam as estruturas de distribui\u00e7\u00e3o tradicionais e redefinem a forma como as marcas se relacionam com os \u00f3pticos e os consumidores finais.<\/p>\n\n\n\n<p>\u00c0 medida que o capital, a criatividade e a tecnologia continuam a cruzar-se, a pr\u00f3xima gera\u00e7\u00e3o de marcas de \u00f3culos n\u00e3o competir\u00e1 apenas com base no produto, mas na vis\u00e3o, na forma como constroem a identidade, criam experi\u00eancia e se adaptam a um cen\u00e1rio em r\u00e1pida mudan\u00e7a.<\/p>\n\n\n\n<p>Neste contexto, os \u00f3culos deixaram de ser uma categoria secund\u00e1ria.<\/p>\n\n\n\n<p>Est\u00e1 a tornar-se um dos espa\u00e7os mais din\u00e2micos e estrategicamente importantes dentro do ecossistema mais vasto do luxo e do consumo.<\/p>","protected":false},"excerpt":{"rendered":"Nos \u00faltimos cinco anos, tem-se verificado uma mudan\u00e7a silenciosa mas significativa na ind\u00fastria dos \u00f3culos....","protected":false},"author":2,"featured_media":4109,"comment_status":"closed","ping_status":"open","sticky":false,"template":"","format":"standard","meta":{"csco_singular_sidebar":"","csco_page_header_type":"","csco_page_load_nextpost":"","_jetpack_memberships_contains_paid_content":false,"footnotes":""},"categories":[5],"tags":[66,32,141],"class_list":{"0":"post-4101","1":"post","2":"type-post","3":"status-publish","4":"format-standard","5":"has-post-thumbnail","7":"category-news","8":"tag-akoni","9":"tag-luxury","10":"tag-market","11":"cs-entry"},"jetpack_featured_media_url":"https:\/\/curatedoptics.com\/wp-content\/uploads\/2026\/03\/Akoni-Article.jpg","jetpack_sharing_enabled":true,"_links":{"self":[{"href":"https:\/\/curatedoptics.com\/pt\/wp-json\/wp\/v2\/posts\/4101","targetHints":{"allow":["GET"]}}],"collection":[{"href":"https:\/\/curatedoptics.com\/pt\/wp-json\/wp\/v2\/posts"}],"about":[{"href":"https:\/\/curatedoptics.com\/pt\/wp-json\/wp\/v2\/types\/post"}],"author":[{"embeddable":true,"href":"https:\/\/curatedoptics.com\/pt\/wp-json\/wp\/v2\/users\/2"}],"replies":[{"embeddable":true,"href":"https:\/\/curatedoptics.com\/pt\/wp-json\/wp\/v2\/comments?post=4101"}],"version-history":[{"count":10,"href":"https:\/\/curatedoptics.com\/pt\/wp-json\/wp\/v2\/posts\/4101\/revisions"}],"predecessor-version":[{"id":4118,"href":"https:\/\/curatedoptics.com\/pt\/wp-json\/wp\/v2\/posts\/4101\/revisions\/4118"}],"wp:featuredmedia":[{"embeddable":true,"href":"https:\/\/curatedoptics.com\/pt\/wp-json\/wp\/v2\/media\/4109"}],"wp:attachment":[{"href":"https:\/\/curatedoptics.com\/pt\/wp-json\/wp\/v2\/media?parent=4101"}],"wp:term":[{"taxonomy":"category","embeddable":true,"href":"https:\/\/curatedoptics.com\/pt\/wp-json\/wp\/v2\/categories?post=4101"},{"taxonomy":"post_tag","embeddable":true,"href":"https:\/\/curatedoptics.com\/pt\/wp-json\/wp\/v2\/tags?post=4101"}],"curies":[{"name":"wp","href":"https:\/\/api.w.org\/{rel}","templated":true}]}}