{"id":8,"count":7,"description":"Elle met en lumi\u00e8re les collaborations remarquables entre les marques de lunettes et les ic\u00f4nes culturelles, o\u00f9 le style personnel, l'influence et la vision cr\u00e9ative s'unissent pour fa\u00e7onner le visage d'une g\u00e9n\u00e9ration.","link":"https:\/\/curatedoptics.com\/fr\/category\/face-of-the-moment\/","name":"Visage du moment","slug":"visage-du-moment","taxonomy":"category","parent":0,"meta":[],"_links":{"self":[{"href":"https:\/\/curatedoptics.com\/fr\/wp-json\/wp\/v2\/categories\/8","targetHints":{"allow":["GET"]}}],"collection":[{"href":"https:\/\/curatedoptics.com\/fr\/wp-json\/wp\/v2\/categories"}],"about":[{"href":"https:\/\/curatedoptics.com\/fr\/wp-json\/wp\/v2\/taxonomies\/category"}],"wp:post_type":[{"href":"https:\/\/curatedoptics.com\/fr\/wp-json\/wp\/v2\/posts?categories=8"}],"curies":[{"name":"wp","href":"https:\/\/api.w.org\/{rel}","templated":true}]}}